{"id":10593,"date":"2025-01-15T09:54:59","date_gmt":"2025-01-15T14:54:59","guid":{"rendered":"https:\/\/www.eworkplace.com\/latam\/?p=10593"},"modified":"2025-01-15T09:54:59","modified_gmt":"2025-01-15T14:54:59","slug":"la-amenaza-de-trump-como-afectaria-la-subida-de-aranceles-a-la-industria-manufacturera","status":"publish","type":"post","link":"https:\/\/www.eworkplace.com\/latam\/2025\/01\/15\/la-amenaza-de-trump-como-afectaria-la-subida-de-aranceles-a-la-industria-manufacturera\/","title":{"rendered":"La amenaza de Trump: \u00bfC\u00f3mo afectar\u00eda la subida de aranceles a la industria manufacturera?"},"content":{"rendered":"<p><span data-contrast=\"auto\">El 20 de enero <\/span><b><span data-contrast=\"auto\">Donald Trump<\/span><\/b><span data-contrast=\"auto\"> tomar\u00e1 posesi\u00f3n de la presidencia de los Estados Unidos y entre muchas de las declaraciones que ha hecho a lo largo de estos meses en campa\u00f1a y post-elecci\u00f3n, una de las que m\u00e1s ha preocupado a nivel econ\u00f3mico en M\u00e9xico y Canad\u00e1, es la imposici\u00f3n de aranceles de un <\/span><b><span data-contrast=\"auto\">25%<\/span><\/b><span data-contrast=\"auto\"> para las importaciones que lleguen desde dichos pa\u00edses.<\/span><span data-ccp-props=\"{&quot;134233117&quot;:false,&quot;134233118&quot;:false,&quot;201341983&quot;:0,&quot;335551550&quot;:6,&quot;335551620&quot;:6,&quot;335559685&quot;:0,&quot;335559737&quot;:0,&quot;335559738&quot;:0,&quot;335559739&quot;:160,&quot;335559740&quot;:279}\">\u00a0<\/span><\/p>\n<p><span data-contrast=\"auto\">M\u00e1s all\u00e1 de que esta medida sea una \u201csoluci\u00f3n\u201d para el problema de tr\u00e1fico de drogas o como <a href=\"https:\/\/www.bbc.com\/mundo\/articles\/cjr4wn3y3y3o\">algunos analistas aseguran<\/a>: \u201cUna mera estrategia \u201cinflacionaria\u201d de Trump para empezar una negociaci\u00f3n con ventaja\u201d, esta \u201camenaza\u201d implicar\u00eda un golpe m\u00e1s para la operaci\u00f3n de los productores de la industria manufacturera en M\u00e9xico. <\/span><span data-ccp-props=\"{&quot;134233117&quot;:false,&quot;134233118&quot;:false,&quot;201341983&quot;:0,&quot;335551550&quot;:6,&quot;335551620&quot;:6,&quot;335559685&quot;:0,&quot;335559737&quot;:0,&quot;335559738&quot;:0,&quot;335559739&quot;:160,&quot;335559740&quot;:279}\">\u00a0<\/span><\/p>\n<p><span data-ccp-props=\"{&quot;134233117&quot;:false,&quot;134233118&quot;:false,&quot;201341983&quot;:0,&quot;335551550&quot;:6,&quot;335551620&quot;:6,&quot;335559685&quot;:0,&quot;335559737&quot;:0,&quot;335559738&quot;:0,&quot;335559739&quot;:160,&quot;335559740&quot;:279}\">\u00a0<\/span><\/p>\n<h2 aria-level=\"1\"><span data-contrast=\"none\">\u00bfC\u00f3mo la amenaza de Trump a la industria manufacturera?<\/span><span data-ccp-props=\"{&quot;134245418&quot;:true,&quot;134245529&quot;:true,&quot;335559738&quot;:360,&quot;335559739&quot;:80}\">\u00a0<\/span><\/h2>\n<h3 aria-level=\"3\"><span data-contrast=\"none\">Aumento de costos e impacto en la cadena de suministro<\/span><span data-ccp-props=\"{&quot;134245418&quot;:true,&quot;134245529&quot;:true,&quot;335559738&quot;:160,&quot;335559739&quot;:80}\">\u00a0<\/span><\/h3>\n<p><span data-contrast=\"auto\">La subida de impuestos arancelarios obligar\u00eda, obligar\u00eda a las empresas a elevar costos de producto y reducir inversiones en sus procesos de producci\u00f3n, esto a su vez, podr\u00eda tener impacto en la calidad de la oferta manufacturera nacional. \u00a0<\/span><span data-ccp-props=\"{&quot;134233117&quot;:false,&quot;134233118&quot;:false,&quot;201341983&quot;:0,&quot;335551550&quot;:6,&quot;335551620&quot;:6,&quot;335559685&quot;:0,&quot;335559737&quot;:0,&quot;335559738&quot;:0,&quot;335559739&quot;:160,&quot;335559740&quot;:279}\">\u00a0<\/span><\/p>\n<h3 aria-level=\"3\"><span data-contrast=\"none\">Reducci\u00f3n de demanda<\/span><span data-ccp-props=\"{&quot;134245418&quot;:true,&quot;134245529&quot;:true,&quot;335559738&quot;:160,&quot;335559739&quot;:80}\">\u00a0<\/span><\/h3>\n<p><span data-contrast=\"auto\">Al ser el principal socio comercial de M\u00e9xico (y varios pa\u00edses de LATAM), una ruptura de negociaciones con Estados Unidos representar\u00eda una disminuci\u00f3n en la demanda para la industria manufacturera mexicana. <\/span><span data-ccp-props=\"{&quot;134233117&quot;:false,&quot;134233118&quot;:false,&quot;201341983&quot;:0,&quot;335551550&quot;:6,&quot;335551620&quot;:6,&quot;335559685&quot;:0,&quot;335559737&quot;:0,&quot;335559738&quot;:0,&quot;335559739&quot;:160,&quot;335559740&quot;:279}\">\u00a0<\/span><\/p>\n<h3 aria-level=\"3\"><span data-contrast=\"none\">P\u00e9rdida de competitividad <\/span><span data-ccp-props=\"{&quot;134245418&quot;:true,&quot;134245529&quot;:true,&quot;335559738&quot;:160,&quot;335559739&quot;:80}\">\u00a0<\/span><\/h3>\n<p><span data-contrast=\"auto\">El posible aumento de impuestos dejar\u00eda fuera a muchos actores emergentes en la industria de manufactura en M\u00e9xico. Las grandes empresas (aunque afectadas), pueden solventar los aumentos y ser competitivos elevando precios (el consumidor es el que paga), pero qu\u00e9 pasa con las PyMEs manufactureras cuyo crecimiento depende casi en un 100% de las exportaciones y la expansi\u00f3n de mercado.<\/span><span data-ccp-props=\"{&quot;134233117&quot;:false,&quot;134233118&quot;:false,&quot;201341983&quot;:0,&quot;335551550&quot;:6,&quot;335551620&quot;:6,&quot;335559685&quot;:0,&quot;335559737&quot;:0,&quot;335559738&quot;:0,&quot;335559739&quot;:160,&quot;335559740&quot;:279}\">\u00a0<\/span><\/p>\n<p><span data-contrast=\"auto\">Estas medidas eliminar\u00edan del mercado a estas empresas, reduciendo la competitividad y potenciando los entornos monop\u00f3licos. <\/span><span data-ccp-props=\"{&quot;134233117&quot;:false,&quot;134233118&quot;:false,&quot;201341983&quot;:0,&quot;335551550&quot;:6,&quot;335551620&quot;:6,&quot;335559685&quot;:0,&quot;335559737&quot;:0,&quot;335559738&quot;:0,&quot;335559739&quot;:160,&quot;335559740&quot;:279}\">\u00a0<\/span><\/p>\n<p>&nbsp;<\/p>\n<p><img loading=\"lazy\" decoding=\"async\" class=\"aligncenter wp-image-10594 size-full\" src=\"https:\/\/www.eworkplace.com\/latam\/wp-content\/uploads\/sites\/2\/2025\/01\/CONT_13EN25.png\" alt=\"La amenaza de Donald Trump a la industria manufacturera mexicana\u00a0\" width=\"900\" height=\"750\" srcset=\"https:\/\/www.eworkplace.com\/latam\/wp-content\/uploads\/sites\/2\/2025\/01\/CONT_13EN25.png 900w, https:\/\/www.eworkplace.com\/latam\/wp-content\/uploads\/sites\/2\/2025\/01\/CONT_13EN25-300x250.png 300w, https:\/\/www.eworkplace.com\/latam\/wp-content\/uploads\/sites\/2\/2025\/01\/CONT_13EN25-768x640.png 768w\" sizes=\"auto, (max-width: 900px) 100vw, 900px\" \/><\/p>\n<h2 aria-level=\"2\"><\/h2>\n<h2 aria-level=\"2\"><span data-contrast=\"none\">El camino para las PyMEs manufactureras ante la amenaza Trump<\/span><span data-ccp-props=\"{&quot;134245418&quot;:true,&quot;134245529&quot;:true,&quot;335559738&quot;:160,&quot;335559739&quot;:80}\">\u00a0<\/span><\/h2>\n<p><span data-contrast=\"auto\">\u00bfAmenaza, realidad, estrategia de negociaci\u00f3n, ret\u00f3rica Trumpista? Cual se la respuesta, la \u201camenaza\u201d de Donald Trump representa una alerta para toda la industria manufacturera (las PyMEs especialmente), de que deben establecer <\/span><b><span data-contrast=\"auto\">DESDE YA<\/span><\/b><span data-contrast=\"auto\">, medidas para mantenerse competitivos a partir del control de la producci\u00f3n, la reducci\u00f3n de costos, la mejora de la calidad de productos y el cumplimiento para diversificaci\u00f3n de mercados. En esa l\u00f3gica, uno de los caminos m\u00e1s factibles para que una peque\u00f1a o mediana empresa se mantenga competitiva, recae en la <\/span><a href=\"https:\/\/www.eworkplace.com\/latam\/2021\/09\/01\/adopcion-digital-en-pymes-manufactureras-parte-1\/\"><b><span data-contrast=\"none\">adopci\u00f3n digital.<\/span><\/b><\/a><span data-ccp-props=\"{&quot;134233117&quot;:false,&quot;134233118&quot;:false,&quot;201341983&quot;:0,&quot;335551550&quot;:6,&quot;335551620&quot;:6,&quot;335559685&quot;:0,&quot;335559737&quot;:0,&quot;335559738&quot;:0,&quot;335559739&quot;:160,&quot;335559740&quot;:279}\">\u00a0<\/span><\/p>\n<p><span data-contrast=\"auto\">La integraci\u00f3n de tecnolog\u00eda para la industria de manufactura (ERP, WMS, MOM) puede ser el punto de partida para que las PyMEs puedan enfrentar los desaf\u00edos econ\u00f3micos a nivel pol\u00edtico, econ\u00f3mico, social o mercantil que enfrentaremos como pa\u00eds en la pr\u00f3xima d\u00e9cada.<\/span><span data-ccp-props=\"{&quot;134233117&quot;:false,&quot;134233118&quot;:false,&quot;201341983&quot;:0,&quot;335551550&quot;:6,&quot;335551620&quot;:6,&quot;335559685&quot;:0,&quot;335559737&quot;:0,&quot;335559738&quot;:0,&quot;335559739&quot;:160,&quot;335559740&quot;:279}\">\u00a0<\/span><\/p>\n<h2 aria-level=\"2\"><span data-contrast=\"none\">3 funcionalidades de un ERP para adaptarse a la amenaza de Trump<\/span><span data-ccp-props=\"{&quot;134245418&quot;:true,&quot;134245529&quot;:true,&quot;335559738&quot;:160,&quot;335559739&quot;:80}\">\u00a0<\/span><\/h2>\n<h3 aria-level=\"3\"><span data-contrast=\"none\">Adaptaci\u00f3n \u00e1gil a cambios arancelarios<\/span><span data-ccp-props=\"{&quot;134245418&quot;:true,&quot;134245529&quot;:true,&quot;335559738&quot;:160,&quot;335559739&quot;:80}\">\u00a0<\/span><\/h3>\n<p><span data-contrast=\"none\">El m\u00f3dulo de an\u00e1lisis de costos permite crear escenarios hipot\u00e9ticos (What If?) de \u00f3rdenes de producci\u00f3n, esto facilita la visualizaci\u00f3n del costo total de producci\u00f3n y el impacto de las posibles alzas de impuestos en la inversi\u00f3n final. <\/span><span data-ccp-props=\"{&quot;134233117&quot;:false,&quot;134233118&quot;:false,&quot;201341983&quot;:0,&quot;335551550&quot;:6,&quot;335551620&quot;:6,&quot;335559685&quot;:0,&quot;335559737&quot;:0,&quot;335559738&quot;:0,&quot;335559739&quot;:160,&quot;335559740&quot;:279}\">\u00a0<\/span><\/p>\n<p><span data-contrast=\"none\">Para un PyME manufacturera es esencial poder reaccionar ante los cambios del mercado de forma casi inmediata, un ERP puede otorgar un panorama en tiempo real para implementar acciones preventivas \u00e1giles. <\/span><span data-ccp-props=\"{&quot;134233117&quot;:false,&quot;134233118&quot;:false,&quot;201341983&quot;:0,&quot;335551550&quot;:6,&quot;335551620&quot;:6,&quot;335559685&quot;:0,&quot;335559737&quot;:0,&quot;335559738&quot;:0,&quot;335559739&quot;:160,&quot;335559740&quot;:279}\">\u00a0<\/span><\/p>\n<h3 aria-level=\"3\"><span data-contrast=\"none\">Diversificaci\u00f3n de operaci\u00f3n<\/span><span data-ccp-props=\"{&quot;134245418&quot;:true,&quot;134245529&quot;:true,&quot;335559738&quot;:160,&quot;335559739&quot;:80}\">\u00a0<\/span><\/h3>\n<p><span data-contrast=\"none\">Ante una posible alza de costos arancelares por parte de Estados Unidos, la diversificaci\u00f3n de mercados puede ser una opci\u00f3n indispensable. Un sistema ERP permite evaluar proveedores y clientes nuevos y te brinda informaci\u00f3n clave para que la adaptaci\u00f3n sea m\u00e1s sencilla y r\u00e1pida. <\/span><span data-ccp-props=\"{&quot;134233117&quot;:true,&quot;134233118&quot;:true,&quot;201341983&quot;:0,&quot;335551550&quot;:6,&quot;335551620&quot;:6,&quot;335559685&quot;:0,&quot;335559740&quot;:276}\">\u00a0<\/span><\/p>\n<p><span data-contrast=\"none\">Las capacidades de centralizaci\u00f3n de informaci\u00f3n, trazabilidad y documentaci\u00f3n que brinda un ERP, le permitir\u00e1n a las PyMES manufactureras facilitar los procesos cumplimiento de certificaciones de nuevos mercados y territorios.<\/span><span data-ccp-props=\"{&quot;134233117&quot;:true,&quot;134233118&quot;:true,&quot;201341983&quot;:0,&quot;335551550&quot;:6,&quot;335551620&quot;:6,&quot;335559685&quot;:0,&quot;335559740&quot;:276}\">\u00a0<\/span><\/p>\n<h3 aria-level=\"3\"><span data-contrast=\"none\">Optimizaci\u00f3n de costos operativos<\/span><span data-ccp-props=\"{&quot;134245418&quot;:true,&quot;134245529&quot;:true,&quot;335559738&quot;:160,&quot;335559739&quot;:80}\">\u00a0<\/span><\/h3>\n<p><span data-contrast=\"none\">Un ERP permite un control detallado de inventarios, reduciendo costos al minimizar desperdicios y optimizar el uso de materiales. Este tipo de ahorro peri\u00f3dico puede ayudar a solventar las posibles alzas a impuestos, materias primas o costos generales de servicios a futuro. <\/span><span data-ccp-props=\"{&quot;134233117&quot;:true,&quot;134233118&quot;:true,&quot;201341983&quot;:0,&quot;335551550&quot;:6,&quot;335551620&quot;:6,&quot;335559685&quot;:0,&quot;335559740&quot;:276}\">\u00a0<\/span><\/p>\n<p><span data-contrast=\"none\">El mundo est\u00e1 lleno de amenazas de las cu\u00e1les no tenemos control, para las peque\u00f1as y medianas empresas el nombre del juego es prevenir.<\/span><span data-ccp-props=\"{&quot;134233117&quot;:true,&quot;134233118&quot;:true,&quot;201341983&quot;:0,&quot;335551550&quot;:6,&quot;335551620&quot;:6,&quot;335559685&quot;:0,&quot;335559740&quot;:276}\">\u00a0<\/span><\/p>\n<p>&nbsp;<\/p>\n<p><span data-contrast=\"none\">\u00bfTe gustar\u00eda proteger a tu empresa ante los cambios del mercado a partir de la adopci\u00f3n digital?<\/span><span data-ccp-props=\"{&quot;134233117&quot;:true,&quot;134233118&quot;:true,&quot;201341983&quot;:0,&quot;335551550&quot;:6,&quot;335551620&quot;:6,&quot;335559685&quot;:0,&quot;335559740&quot;:276}\">\u00a0<\/span><\/p>\n<p><span data-contrast=\"none\">Te invitamos a que eval\u00faes la opci\u00f3n de integrar un ERP de manufactura a tu operaci\u00f3n a partir de informaci\u00f3n \u00fatil y precisa para tu selecci\u00f3n.<\/span><span data-ccp-props=\"{&quot;134233117&quot;:true,&quot;134233118&quot;:true,&quot;201341983&quot;:0,&quot;335551550&quot;:6,&quot;335551620&quot;:6,&quot;335559685&quot;:0,&quot;335559740&quot;:276}\">\u00a0<\/span><\/p>\n<p>&nbsp;<\/p>\n<h2 style=\"text-align: center;\"><span data-contrast=\"none\">Inicia tu proceso descargando nuestro eBook gratuito: Gu\u00eda Definitiva para Seleccionar un ERP de Manufactura. <\/span><span data-ccp-props=\"{&quot;134233117&quot;:true,&quot;134233118&quot;:true,&quot;201341983&quot;:0,&quot;335551550&quot;:6,&quot;335551620&quot;:6,&quot;335559685&quot;:0,&quot;335559740&quot;:276}\">\u00a0<\/span><\/h2>\n<h2 style=\"text-align: center;\" aria-level=\"1\"><a href=\"https:\/\/www.eworkplace.com\/latam\/lp-ebook\/?dm_t=0,0,0,0,0\"><span data-contrast=\"none\">DESCARGA AQU\u00cd<\/span><\/a><span data-contrast=\"none\">\u00a0<\/span><span data-ccp-props=\"{&quot;134245418&quot;:true,&quot;134245529&quot;:true,&quot;335551550&quot;:2,&quot;335551620&quot;:2,&quot;335559738&quot;:360,&quot;335559739&quot;:80}\">\u00a0<\/span><\/h2>\n<p><span data-ccp-props=\"{&quot;134233117&quot;:true,&quot;134233118&quot;:true,&quot;201341983&quot;:0,&quot;335551550&quot;:6,&quot;335551620&quot;:6,&quot;335559685&quot;:0,&quot;335559740&quot;:276}\">\u00a0<\/span><\/p>\n<p><span data-ccp-props=\"{&quot;134233117&quot;:true,&quot;134233118&quot;:true,&quot;201341983&quot;:0,&quot;335551550&quot;:6,&quot;335551620&quot;:6,&quot;335559685&quot;:0,&quot;335559740&quot;:276}\">\u00a0<\/span><\/p>\n","protected":false},"excerpt":{"rendered":"<p>El 20 de enero Donald Trump tomar\u00e1 posesi\u00f3n de la presidencia de los Estados Unidos y entre muchas de las declaraciones que ha hecho a lo largo de estos meses en campa\u00f1a y post-elecci\u00f3n, una de las que m\u00e1s ha preocupado a nivel econ\u00f3mico en&#8230;<\/p>\n","protected":false},"author":7,"featured_media":10595,"comment_status":"closed","ping_status":"closed","sticky":false,"template":"","format":"standard","meta":{"_themeisle_gutenberg_block_has_review":false,"footnotes":""},"categories":[145],"tags":[556,154,153,279,557,156,250,179,555],"class_list":["post-10593","post","type-post","status-publish","format-standard","has-post-thumbnail","hentry","category-blog","tag-donald-trump","tag-erp","tag-eworkplace","tag-industria-manufacturera","tag-industria-manufacturera-mexicana","tag-manufactura","tag-sistema-erp","tag-software-erp","tag-trump"],"yoast_head":"<!-- This site is optimized with the Yoast SEO plugin v22.1 - https:\/\/yoast.com\/wordpress\/plugins\/seo\/ -->\n<title>La amenaza de Trump: \u00bfC\u00f3mo afectar\u00eda la subida de aranceles a la industria manufacturera? - eWorkplace Manufacturing<\/title>\n<meta name=\"description\" content=\"\u00bfC\u00f3mo impactar\u00eda el aumento de aranceles que propone Donald Trump a la industria de manufactura mexicana? Aqu\u00ed te lo decimos\" \/>\n<meta name=\"robots\" content=\"index, follow, max-snippet:-1, max-image-preview:large, max-video-preview:-1\" \/>\n<link rel=\"canonical\" href=\"https:\/\/www.eworkplace.com\/latam\/2025\/01\/15\/la-amenaza-de-trump-como-afectaria-la-subida-de-aranceles-a-la-industria-manufacturera\/\" \/>\n<meta property=\"og:locale\" content=\"en_US\" \/>\n<meta property=\"og:type\" content=\"article\" \/>\n<meta property=\"og:title\" content=\"La amenaza de Trump: \u00bfC\u00f3mo afectar\u00eda la subida de aranceles a la industria manufacturera? - eWorkplace Manufacturing\" \/>\n<meta property=\"og:description\" content=\"\u00bfC\u00f3mo impactar\u00eda el aumento de aranceles que propone Donald Trump a la industria de manufactura mexicana? Aqu\u00ed te lo decimos\" \/>\n<meta property=\"og:url\" content=\"https:\/\/www.eworkplace.com\/latam\/2025\/01\/15\/la-amenaza-de-trump-como-afectaria-la-subida-de-aranceles-a-la-industria-manufacturera\/\" \/>\n<meta property=\"og:site_name\" content=\"eWorkplace Manufacturing\" \/>\n<meta property=\"article:published_time\" content=\"2025-01-15T14:54:59+00:00\" \/>\n<meta property=\"og:image\" content=\"https:\/\/www.eworkplace.com\/latam\/wp-content\/uploads\/sites\/2\/2025\/01\/HEAD_13EN25.png\" \/>\n\t<meta property=\"og:image:width\" content=\"1200\" \/>\n\t<meta property=\"og:image:height\" content=\"350\" \/>\n\t<meta property=\"og:image:type\" content=\"image\/png\" \/>\n<meta name=\"author\" content=\"sgupta\" \/>\n<meta name=\"twitter:card\" content=\"summary_large_image\" \/>\n<meta name=\"twitter:label1\" content=\"Written by\" \/>\n\t<meta name=\"twitter:data1\" content=\"sgupta\" \/>\n\t<meta name=\"twitter:label2\" content=\"Est. reading time\" \/>\n\t<meta name=\"twitter:data2\" content=\"4 minutes\" \/>\n<!-- \/ Yoast SEO plugin. -->","yoast_head_json":{"title":"La amenaza de Trump: \u00bfC\u00f3mo afectar\u00eda la subida de aranceles a la industria manufacturera? - eWorkplace Manufacturing","description":"\u00bfC\u00f3mo impactar\u00eda el aumento de aranceles que propone Donald Trump a la industria de manufactura mexicana? Aqu\u00ed te lo decimos","robots":{"index":"index","follow":"follow","max-snippet":"max-snippet:-1","max-image-preview":"max-image-preview:large","max-video-preview":"max-video-preview:-1"},"canonical":"https:\/\/www.eworkplace.com\/latam\/2025\/01\/15\/la-amenaza-de-trump-como-afectaria-la-subida-de-aranceles-a-la-industria-manufacturera\/","og_locale":"en_US","og_type":"article","og_title":"La amenaza de Trump: \u00bfC\u00f3mo afectar\u00eda la subida de aranceles a la industria manufacturera? - eWorkplace Manufacturing","og_description":"\u00bfC\u00f3mo impactar\u00eda el aumento de aranceles que propone Donald Trump a la industria de manufactura mexicana? Aqu\u00ed te lo decimos","og_url":"https:\/\/www.eworkplace.com\/latam\/2025\/01\/15\/la-amenaza-de-trump-como-afectaria-la-subida-de-aranceles-a-la-industria-manufacturera\/","og_site_name":"eWorkplace Manufacturing","article_published_time":"2025-01-15T14:54:59+00:00","og_image":[{"width":1200,"height":350,"url":"https:\/\/www.eworkplace.com\/latam\/wp-content\/uploads\/sites\/2\/2025\/01\/HEAD_13EN25.png","type":"image\/png"}],"author":"sgupta","twitter_card":"summary_large_image","twitter_misc":{"Written by":"sgupta","Est. reading time":"4 minutes"},"schema":{"@context":"https:\/\/schema.org","@graph":[{"@type":"WebPage","@id":"https:\/\/www.eworkplace.com\/latam\/2025\/01\/15\/la-amenaza-de-trump-como-afectaria-la-subida-de-aranceles-a-la-industria-manufacturera\/","url":"https:\/\/www.eworkplace.com\/latam\/2025\/01\/15\/la-amenaza-de-trump-como-afectaria-la-subida-de-aranceles-a-la-industria-manufacturera\/","name":"La amenaza de Trump: \u00bfC\u00f3mo afectar\u00eda la subida de aranceles a la industria manufacturera? - eWorkplace Manufacturing","isPartOf":{"@id":"https:\/\/www.eworkplace.com\/latam\/#website"},"datePublished":"2025-01-15T14:54:59+00:00","dateModified":"2025-01-15T14:54:59+00:00","author":{"@id":"https:\/\/www.eworkplace.com\/latam\/#\/schema\/person\/77f87da8edd914128a56881b76a6ee9e"},"description":"\u00bfC\u00f3mo impactar\u00eda el aumento de aranceles que propone Donald Trump a la industria de manufactura mexicana? Aqu\u00ed te lo decimos","breadcrumb":{"@id":"https:\/\/www.eworkplace.com\/latam\/2025\/01\/15\/la-amenaza-de-trump-como-afectaria-la-subida-de-aranceles-a-la-industria-manufacturera\/#breadcrumb"},"inLanguage":"en-US","potentialAction":[{"@type":"ReadAction","target":["https:\/\/www.eworkplace.com\/latam\/2025\/01\/15\/la-amenaza-de-trump-como-afectaria-la-subida-de-aranceles-a-la-industria-manufacturera\/"]}]},{"@type":"BreadcrumbList","@id":"https:\/\/www.eworkplace.com\/latam\/2025\/01\/15\/la-amenaza-de-trump-como-afectaria-la-subida-de-aranceles-a-la-industria-manufacturera\/#breadcrumb","itemListElement":[{"@type":"ListItem","position":1,"name":"Home","item":"https:\/\/www.eworkplace.com\/latam\/"},{"@type":"ListItem","position":2,"name":"La amenaza de Trump: \u00bfC\u00f3mo afectar\u00eda la subida de aranceles a la industria manufacturera?"}]},{"@type":"WebSite","@id":"https:\/\/www.eworkplace.com\/latam\/#website","url":"https:\/\/www.eworkplace.com\/latam\/","name":"eWorkplace Manufacturing","description":"soluciones que transforman","potentialAction":[{"@type":"SearchAction","target":{"@type":"EntryPoint","urlTemplate":"https:\/\/www.eworkplace.com\/latam\/?s={search_term_string}"},"query-input":"required name=search_term_string"}],"inLanguage":"en-US"},{"@type":"Person","@id":"https:\/\/www.eworkplace.com\/latam\/#\/schema\/person\/77f87da8edd914128a56881b76a6ee9e","name":"sgupta","image":{"@type":"ImageObject","inLanguage":"en-US","@id":"https:\/\/www.eworkplace.com\/latam\/#\/schema\/person\/image\/","url":"https:\/\/secure.gravatar.com\/avatar\/5ef5bdc5c82b48b51177c4eeea2beab7bb4e6065f38f28a8d8945a50bbeba6f6?s=96&d=mm&r=g","contentUrl":"https:\/\/secure.gravatar.com\/avatar\/5ef5bdc5c82b48b51177c4eeea2beab7bb4e6065f38f28a8d8945a50bbeba6f6?s=96&d=mm&r=g","caption":"sgupta"},"url":"https:\/\/www.eworkplace.com\/latam\/author\/sgupta\/"}]}},"jetpack_sharing_enabled":true,"jetpack_featured_media_url":"https:\/\/www.eworkplace.com\/latam\/wp-content\/uploads\/sites\/2\/2025\/01\/HEAD_13EN25.png","_links":{"self":[{"href":"https:\/\/www.eworkplace.com\/latam\/wp-json\/wp\/v2\/posts\/10593","targetHints":{"allow":["GET"]}}],"collection":[{"href":"https:\/\/www.eworkplace.com\/latam\/wp-json\/wp\/v2\/posts"}],"about":[{"href":"https:\/\/www.eworkplace.com\/latam\/wp-json\/wp\/v2\/types\/post"}],"author":[{"embeddable":true,"href":"https:\/\/www.eworkplace.com\/latam\/wp-json\/wp\/v2\/users\/7"}],"replies":[{"embeddable":true,"href":"https:\/\/www.eworkplace.com\/latam\/wp-json\/wp\/v2\/comments?post=10593"}],"version-history":[{"count":0,"href":"https:\/\/www.eworkplace.com\/latam\/wp-json\/wp\/v2\/posts\/10593\/revisions"}],"wp:featuredmedia":[{"embeddable":true,"href":"https:\/\/www.eworkplace.com\/latam\/wp-json\/wp\/v2\/media\/10595"}],"wp:attachment":[{"href":"https:\/\/www.eworkplace.com\/latam\/wp-json\/wp\/v2\/media?parent=10593"}],"wp:term":[{"taxonomy":"category","embeddable":true,"href":"https:\/\/www.eworkplace.com\/latam\/wp-json\/wp\/v2\/categories?post=10593"},{"taxonomy":"post_tag","embeddable":true,"href":"https:\/\/www.eworkplace.com\/latam\/wp-json\/wp\/v2\/tags?post=10593"}],"curies":[{"name":"wp","href":"https:\/\/api.w.org\/{rel}","templated":true}]}}